{"id":300,"date":"2017-09-09T15:31:23","date_gmt":"2017-09-09T15:31:23","guid":{"rendered":"http:\/\/sebastianjurgiel.pl\/wp\/?p=300"},"modified":"2020-01-24T23:10:17","modified_gmt":"2020-01-24T23:10:17","slug":"tym-razem-do-nanning","status":"publish","type":"post","link":"https:\/\/sebastianjurgiel.pl\/wp\/?p=300","title":{"rendered":"Tym razem do Nanning"},"content":{"rendered":"<p>Wygl\u0105da na to, \u017ce m\u00f3j niewinny \u017cart, kt\u00f3ry sobie pozwoli\u0142em w lutym, okaza\u0142 si\u0119 przepowiedni\u0105. Siedzia\u0142em wtedy w samochodzie tocz\u0105cym si\u0119 w \u017c\u00f3\u0142wim tempie zakorkowan\u0105 autostrad\u0105 z Shenzhen do Zhongshan, &#8222;Miasta \u015awiat\u0142a&#8221;. Po szybach ciek\u0142y strugi deszczu, by\u0142o szaro ponuro i sennie. Gdzie\u015b w okolicach Humen zrobi\u0142o si\u0119 tak niezno\u015bnie, \u017ce starajac si\u0119 nie zasn\u0105\u0107 postanowi\u0142em sobie z nud\u00f3w po- WeChat -owa\u0107. Kto\u015b z moich znajomych z Dali zada\u0142 sakramentalne pytanie &#8222;To kiedy przyjedziesz do Yunnanu?&#8221; Odpowiedzia\u0142em wtedy \u017cartem, \u017ce przez 10 lat siedzia\u0142em sobie spokojnie w Europie, po czym, jako pierwszy krok w mojej drodze powrotnej, pod koniec zesz\u0142ego roku by\u0142em w Hongkongu. Teraz robi\u0119 nast\u0119pny krok w kierunku zachodnim i jad\u0119 do Zhongshan. Je\u015bli uda mi si\u0119 zachowa\u0107 to tempo, by\u0107 mo\u017ce, za kilka miesi\u0119cy przy okazji nast\u0119pnej wizyty w Chinach, zrobi\u0119 kolejny krok na p\u00f3\u0142nocny zach\u00f3d, w g\u0142\u0105b Chin, mo\u017ce odwiedz\u0119 Guangzhou, a potem mo\u017ce jeszcze dalej i dalej, i w ten spos\u00f3b za kolejne 10 lat powinienem wreszcie szcz\u0119\u015bliwie dotrze\u0107 do Dali.<\/p>\n<p>I oto okazuje si\u0119, \u017ce tym razem robi\u0119 bardzo du\u017cy krok, prosto na zach\u00f3d &#8211; lec\u0119 do Nanning, stolicy Prowincji Guangxi, niemal w po\u0142owie drogi pomiedzy Hongkongiem a Kunmingiem. Uda\u0142o mi si\u0119 wi\u0119c znacznie przyspieszy\u0107 i mo\u017ce nie b\u0119d\u0119 potrzebowa\u0142 kolejnych 10 lat, \u017ceby wr\u00f3ci\u0107 do domu \ud83d\ude42<\/p>\n","protected":false},"excerpt":{"rendered":"<p>Wygl\u0105da na to, \u017ce m\u00f3j niewinny \u017cart, kt\u00f3ry sobie pozwoli\u0142em w lutym, okaza\u0142 si\u0119 przepowiedni\u0105. Siedzia\u0142em wtedy w samochodzie tocz\u0105cym si\u0119 w \u017c\u00f3\u0142wim tempie zakorkowan\u0105 autostrad\u0105 z Shenzhen do Zhongshan, &#8222;Miasta \u015awiat\u0142a&#8221;. Po szybach ciek\u0142y strugi deszczu, by\u0142o szaro ponuro &hellip; <a href=\"https:\/\/sebastianjurgiel.pl\/wp\/?p=300\">Czytaj dalej <span class=\"meta-nav\">&rarr;<\/span><\/a><\/p>\n","protected":false},"author":1,"featured_media":0,"comment_status":"closed","ping_status":"open","sticky":false,"template":"","format":"standard","meta":{"footnotes":""},"categories":[7],"tags":[],"class_list":["post-300","post","type-post","status-publish","format-standard","hentry","category-napoludnieodchmur"],"_links":{"self":[{"href":"https:\/\/sebastianjurgiel.pl\/wp\/index.php?rest_route=\/wp\/v2\/posts\/300","targetHints":{"allow":["GET"]}}],"collection":[{"href":"https:\/\/sebastianjurgiel.pl\/wp\/index.php?rest_route=\/wp\/v2\/posts"}],"about":[{"href":"https:\/\/sebastianjurgiel.pl\/wp\/index.php?rest_route=\/wp\/v2\/types\/post"}],"author":[{"embeddable":true,"href":"https:\/\/sebastianjurgiel.pl\/wp\/index.php?rest_route=\/wp\/v2\/users\/1"}],"replies":[{"embeddable":true,"href":"https:\/\/sebastianjurgiel.pl\/wp\/index.php?rest_route=%2Fwp%2Fv2%2Fcomments&post=300"}],"version-history":[{"count":3,"href":"https:\/\/sebastianjurgiel.pl\/wp\/index.php?rest_route=\/wp\/v2\/posts\/300\/revisions"}],"predecessor-version":[{"id":885,"href":"https:\/\/sebastianjurgiel.pl\/wp\/index.php?rest_route=\/wp\/v2\/posts\/300\/revisions\/885"}],"wp:attachment":[{"href":"https:\/\/sebastianjurgiel.pl\/wp\/index.php?rest_route=%2Fwp%2Fv2%2Fmedia&parent=300"}],"wp:term":[{"taxonomy":"category","embeddable":true,"href":"https:\/\/sebastianjurgiel.pl\/wp\/index.php?rest_route=%2Fwp%2Fv2%2Fcategories&post=300"},{"taxonomy":"post_tag","embeddable":true,"href":"https:\/\/sebastianjurgiel.pl\/wp\/index.php?rest_route=%2Fwp%2Fv2%2Ftags&post=300"}],"curies":[{"name":"wp","href":"https:\/\/api.w.org\/{rel}","templated":true}]}}