{"id":535,"date":"2018-02-19T08:39:08","date_gmt":"2018-02-19T08:39:08","guid":{"rendered":"http:\/\/sebastianjurgiel.pl\/wp\/?p=535"},"modified":"2018-02-19T08:39:08","modified_gmt":"2018-02-19T08:39:08","slug":"pierwszy-wiosenny-deszcz","status":"publish","type":"post","link":"https:\/\/sebastianjurgiel.pl\/wp\/?p=535","title":{"rendered":"Pierwszy Wiosenny Deszcz"},"content":{"rendered":"<p>Dzi\u015b jest Dzie\u0144 Pierwszego Wiosennego Deszczu wed\u0142ug tradycyjnego chi\u0144skiego &#8222;kalendarza rolniczego&#8221;, od wiek\u00f3w opisuj\u0105cego rytm p\u00f3r roku, czas siewu i zbior\u00f3w, letnich upa\u0142\u00f3w w zimowych mroz\u00f3w. Deszcz wprawdzie jeszcze nie spad\u0142, ale powietrze robi si\u0119 coraz bardziej parne i gor\u0105ce. Blade s\u0142o\u0144ce przy\u015bwieca przez chmury, rzucaj\u0105c na \u015bwiat swoje niepewne i jakby niezdecydowane \u015bwiat\u0142o. Co\u015b w powietrzu si\u0119 zmienia.<\/p>\n","protected":false},"excerpt":{"rendered":"<p>Dzi\u015b jest Dzie\u0144 Pierwszego Wiosennego Deszczu wed\u0142ug tradycyjnego chi\u0144skiego &#8222;kalendarza rolniczego&#8221;, od wiek\u00f3w opisuj\u0105cego rytm p\u00f3r roku, czas siewu i zbior\u00f3w, letnich upa\u0142\u00f3w w zimowych mroz\u00f3w. Deszcz wprawdzie jeszcze nie spad\u0142, ale powietrze robi si\u0119 coraz bardziej parne i gor\u0105ce. &hellip; <a href=\"https:\/\/sebastianjurgiel.pl\/wp\/?p=535\">Czytaj dalej <span class=\"meta-nav\">&rarr;<\/span><\/a><\/p>\n","protected":false},"author":1,"featured_media":0,"comment_status":"closed","ping_status":"open","sticky":false,"template":"","format":"standard","meta":{"footnotes":""},"categories":[7],"tags":[],"class_list":["post-535","post","type-post","status-publish","format-standard","hentry","category-napoludnieodchmur"],"_links":{"self":[{"href":"https:\/\/sebastianjurgiel.pl\/wp\/index.php?rest_route=\/wp\/v2\/posts\/535","targetHints":{"allow":["GET"]}}],"collection":[{"href":"https:\/\/sebastianjurgiel.pl\/wp\/index.php?rest_route=\/wp\/v2\/posts"}],"about":[{"href":"https:\/\/sebastianjurgiel.pl\/wp\/index.php?rest_route=\/wp\/v2\/types\/post"}],"author":[{"embeddable":true,"href":"https:\/\/sebastianjurgiel.pl\/wp\/index.php?rest_route=\/wp\/v2\/users\/1"}],"replies":[{"embeddable":true,"href":"https:\/\/sebastianjurgiel.pl\/wp\/index.php?rest_route=%2Fwp%2Fv2%2Fcomments&post=535"}],"version-history":[{"count":2,"href":"https:\/\/sebastianjurgiel.pl\/wp\/index.php?rest_route=\/wp\/v2\/posts\/535\/revisions"}],"predecessor-version":[{"id":537,"href":"https:\/\/sebastianjurgiel.pl\/wp\/index.php?rest_route=\/wp\/v2\/posts\/535\/revisions\/537"}],"wp:attachment":[{"href":"https:\/\/sebastianjurgiel.pl\/wp\/index.php?rest_route=%2Fwp%2Fv2%2Fmedia&parent=535"}],"wp:term":[{"taxonomy":"category","embeddable":true,"href":"https:\/\/sebastianjurgiel.pl\/wp\/index.php?rest_route=%2Fwp%2Fv2%2Fcategories&post=535"},{"taxonomy":"post_tag","embeddable":true,"href":"https:\/\/sebastianjurgiel.pl\/wp\/index.php?rest_route=%2Fwp%2Fv2%2Ftags&post=535"}],"curies":[{"name":"wp","href":"https:\/\/api.w.org\/{rel}","templated":true}]}}