{"id":955,"date":"2025-08-08T16:43:21","date_gmt":"2025-08-08T16:43:21","guid":{"rendered":"http:\/\/sebastianjurgiel.pl\/wp\/?p=955"},"modified":"2025-08-08T16:43:21","modified_gmt":"2025-08-08T16:43:21","slug":"koniec-zachodnich-iluzji-czas-podniesc-zagle-polski-tlumacz-w-erze-nowego-kursu","status":"publish","type":"post","link":"https:\/\/sebastianjurgiel.pl\/wp\/?p=955","title":{"rendered":"Koniec zachodnich iluzji. Czas podnie\u015b\u0107 \u017cagle \u2013 polski t\u0142umacz w erze nowego kursu"},"content":{"rendered":"\n<figure class=\"wp-block-image size-large\"><a href=\"http:\/\/sebastianjurgiel.pl\/wp\/wp-content\/uploads\/2025\/08\/ChatGPT-Image-29-lip-2025-19_18_14.png\"><img loading=\"lazy\" decoding=\"async\" width=\"1024\" height=\"683\" src=\"http:\/\/sebastianjurgiel.pl\/wp\/wp-content\/uploads\/2025\/08\/ChatGPT-Image-29-lip-2025-19_18_14-1024x683.png\" alt=\"\" class=\"wp-image-956\" srcset=\"https:\/\/sebastianjurgiel.pl\/wp\/wp-content\/uploads\/2025\/08\/ChatGPT-Image-29-lip-2025-19_18_14-1024x683.png 1024w, https:\/\/sebastianjurgiel.pl\/wp\/wp-content\/uploads\/2025\/08\/ChatGPT-Image-29-lip-2025-19_18_14-300x200.png 300w, https:\/\/sebastianjurgiel.pl\/wp\/wp-content\/uploads\/2025\/08\/ChatGPT-Image-29-lip-2025-19_18_14-768x512.png 768w, https:\/\/sebastianjurgiel.pl\/wp\/wp-content\/uploads\/2025\/08\/ChatGPT-Image-29-lip-2025-19_18_14-450x300.png 450w, https:\/\/sebastianjurgiel.pl\/wp\/wp-content\/uploads\/2025\/08\/ChatGPT-Image-29-lip-2025-19_18_14.png 1536w\" sizes=\"auto, (max-width: 1024px) 100vw, 1024px\" \/><\/a><\/figure>\n\n\n\n<p id=\"ember1562\">\u015awiat przesuwa si\u0119 pod naszymi stopami \u2013 i nie chodzi ju\u017c o pojedyncze p\u0119kni\u0119cia, lecz o ca\u0142e uskoki tektoniczne pod powierzchni\u0105 globalnego porz\u0105dku. Ostatnie miesi\u0105ce, lata, kolejne rundy szczyt\u00f3w i negocjacji pokazuj\u0105, \u017ce <strong>iluzja \u201ezachodniej wsp\u00f3lnoty interes\u00f3w\u201d rozp\u0142ywa si\u0119 jak poranna mg\u0142a nad delt\u0105 Jangcy<\/strong>. Sojusze oparte na \u201ewarto\u015bciach\u201d, deklaracje solidarno\u015bci i wsp\u00f3lne sto\u0142y negocjacyjne \u2013 wszystko to okazuje si\u0119 mie\u0107 ekonomiczne, twarde fundamenty, kt\u00f3re przesuwaj\u0105 si\u0119 szybciej, ni\u017c Europa jest w stanie nad\u0105\u017cy\u0107. Gdy w gr\u0119 wchodz\u0105 wielkie pieni\u0105dze i strategiczne sektory, stare mapy trac\u0105 aktualno\u015b\u0107.<\/p>\n\n\n\n<h3 class=\"wp-block-heading\" id=\"ember1564\">Polska, t\u0142umacz i nowa rola po\u015brednika<\/h3>\n\n\n\n<p id=\"ember1565\">Dla Polski \u2013 kraju na peryferiach Unii, rozpi\u0119tego mi\u0119dzy niemieck\u0105 a francusk\u0105 gospodark\u0105, a jednocze\u015bnie zerkaj\u0105cego ku Chinom i Azji Po\u0142udniowo-Wschodniej \u2013 presja na redefinicj\u0119 w\u0142asnej pozycji jeszcze nigdy nie by\u0142a tak du\u017ca. To nie tylko polityka i wielkie deklaracje. To <strong>codzienno\u015b\u0107 ludzi takich jak ja \u2013 t\u0142umacza, konsultanta, po\u015brednika mi\u0119dzy \u015bwiatem Zachodu a Wschodem, pomi\u0119dzy Warszaw\u0105 a Nanningiem<\/strong>.<\/p>\n\n\n\n<p id=\"ember1566\">W takim \u015bwiecie najcenniejsze staj\u0105 si\u0119 umiej\u0119tno\u015bci, kt\u00f3re d\u0142ugo uwa\u017cano za \u201emi\u0119kkie\u201d: \u2013 <strong>niezale\u017cne kontakty, \u2013 czytanie sygna\u0142\u00f3w z r\u00f3\u017cnych stron, \u2013 elastyczno\u015b\u0107 w dzia\u0142aniu poza utartymi szlakami UE, \u2013 budowanie zaufania ponad oficjaln\u0105 narracj\u0105, \u2013 t\u0142umaczenie niuans\u00f3w, kt\u00f3rych nie obejmuj\u0105 oficjalne komunikaty.<\/strong><\/p>\n\n\n\n<p id=\"ember1567\">To ju\u017c nie jest czas na kopiowanie gotowych rozwi\u0105za\u0144. Potrzeba <strong>suwerenno\u015bci narracyjnej i biznesowej<\/strong> \u2013 umiej\u0119tno\u015bci budowania w\u0142asnych most\u00f3w i prowadzenia rozm\u00f3w na w\u0142asnych zasadach, bez czekania na akceptacj\u0119 jednej \u201ewielkiej narracji\u201d.<\/p>\n\n\n\n<h3 class=\"wp-block-heading\" id=\"ember1569\">Nowa jako\u015b\u0107 dialogu z Azj\u0105<\/h3>\n\n\n\n<p id=\"ember1570\">W erze coraz bardziej transakcyjnych relacji Zachodu z USA i Chinami ro\u015bnie znaczenie kana\u0142\u00f3w azjatyckich, nowych alians\u00f3w, relacji opartych na wzajemnym poznaniu. Nie b\u0119dzie ju\u017c powrotu do komfortu \u201eimportowania\u201d decyzji z Brukseli czy Waszyngtonu. Ka\u017cdy kontakt, zlecenie, relacja zbudowana w Chinach czy Azji Po\u0142udniowo-Wschodniej, <strong>buduje nie tylko moj\u0105, ale i polsk\u0105 niezale\u017cno\u015b\u0107<\/strong>.<\/p>\n\n\n\n<p id=\"ember1571\">Ale to tak\u017ce czas niepewno\u015bci, ryzyka politycznego, mo\u017cliwych turbulencji. Licz\u0105 si\u0119 ludzie gotowi porusza\u0107 si\u0119 w szarej strefie mi\u0119dzy blokami, ludzie z do\u015bwiadczeniem mi\u0119dzykulturowym, kt\u00f3rzy potrafi\u0105 dzia\u0142a\u0107 wtedy, gdy inni jeszcze czekaj\u0105 na sygna\u0142 \u201ez g\u00f3ry\u201d.<\/p>\n\n\n\n<h3 class=\"wp-block-heading\" id=\"ember1573\">Co robi\u0107 \u2013 z perspektywy t\u0142umacza i po\u015brednika<\/h3>\n\n\n\n<p id=\"ember1574\">\u2013 Rozwija\u0107 niezale\u017cne kontakty w Chinach i ASEAN. \u2013 Wzmacnia\u0107 kompetencje t\u0142umacza\u2013po\u015brednika\u2013doradcy dla instytucji szukaj\u0105cych w\u0142asnych dr\u00f3g do Azji. \u2013 Budowa\u0107 swoj\u0105 mark\u0119 jako kto\u015b, kto rozumie oba \u015bwiaty i nie boi si\u0119 z\u0142o\u017cono\u015bci. \u2013 By\u0107 gotowym na wi\u0119cej \u201eplan\u00f3w B i C\u201d, bo \u015bwiat b\u0119dzie coraz mniej przewidywalny.<\/p>\n\n\n\n<p id=\"ember1575\"><strong>Kr\u00f3tko m\u00f3wi\u0105c:<\/strong> To czas, kiedy nasz g\u0142os, kompetencje i relacje mog\u0105 by\u0107 warte wi\u0119cej ni\u017c przez ostatni\u0105 dekad\u0119. Ale to tak\u017ce czas, w kt\u00f3rym trzeba by\u0107 czujnym \u2013 nie ufa\u0107 \u015blepo \u017cadnej wielkiej narracji.<\/p>\n\n\n\n<h3 class=\"wp-block-heading\" id=\"ember1577\">Podnie\u015b\u0107 \u017cagle, kiedy gasn\u0105 \u015bwiat\u0142a<\/h3>\n\n\n\n<p id=\"ember1578\">Czas ju\u017c wi\u0119c podnie\u015b\u0107 \u017cagle. Nawet je\u015bli ciemno\u015b\u0107 zapada coraz g\u0119stsza, a kompas \u015bwiata wariuje, pozostaje jeszcze ta samotna gniazda \u2013 l\u015bni\u0105ca gdzie\u015b nad horyzontem, wskazuj\u0105ca kierunek ku Zatoce Tonki\u0144skiej.<\/p>\n\n\n\n<p id=\"ember1579\">By\u0107 mo\u017ce w\u0142a\u015bnie teraz warto wyp\u0142yn\u0105\u0107 \u2013 nie po to, by odnale\u017a\u0107 \u201enowy l\u0105d\u201d, ale by przypomnie\u0107 sobie, czym jest droga, w kt\u00f3rej nie wszystko zosta\u0142o ju\u017c opisane i podzielone na strefy wp\u0142yw\u00f3w. Bo prawdziwa podr\u00f3\u017c zaczyna si\u0119 tam, gdzie ko\u0144cz\u0105 si\u0119 mapy \u2013 a zaczyna w\u0142asna odwaga i wiara, \u017ce na ko\u0144cu szlaku czeka co\u015b wi\u0119cej ni\u017c \u201eplan minimum\u201d.<\/p>\n\n\n\n<p id=\"ember1580\">Niech wiatr b\u0119dzie \u0142askawy \u2013 i niech gniazda na niebie nie gasn\u0105, p\u00f3ki \u017cegluj\u0105 ci, kt\u00f3rzy pami\u0119taj\u0105 o \u015bwiecie poza szlakami.<\/p>\n\n\n\n<figure class=\"wp-block-image size-large\"><a href=\"http:\/\/sebastianjurgiel.pl\/wp\/wp-content\/uploads\/2025\/08\/ChatGPT-Image-29-lip-2025-19_08_28.png\"><img loading=\"lazy\" decoding=\"async\" width=\"683\" height=\"1024\" src=\"http:\/\/sebastianjurgiel.pl\/wp\/wp-content\/uploads\/2025\/08\/ChatGPT-Image-29-lip-2025-19_08_28-683x1024.png\" alt=\"\" class=\"wp-image-957\" srcset=\"https:\/\/sebastianjurgiel.pl\/wp\/wp-content\/uploads\/2025\/08\/ChatGPT-Image-29-lip-2025-19_08_28-683x1024.png 683w, https:\/\/sebastianjurgiel.pl\/wp\/wp-content\/uploads\/2025\/08\/ChatGPT-Image-29-lip-2025-19_08_28-200x300.png 200w, https:\/\/sebastianjurgiel.pl\/wp\/wp-content\/uploads\/2025\/08\/ChatGPT-Image-29-lip-2025-19_08_28-768x1152.png 768w, https:\/\/sebastianjurgiel.pl\/wp\/wp-content\/uploads\/2025\/08\/ChatGPT-Image-29-lip-2025-19_08_28.png 1024w\" sizes=\"auto, (max-width: 683px) 100vw, 683px\" \/><\/a><\/figure>\n\n\n\n<p><\/p>\n","protected":false},"excerpt":{"rendered":"<p>\u015awiat przesuwa si\u0119 pod naszymi stopami \u2013 i nie chodzi ju\u017c o pojedyncze p\u0119kni\u0119cia, lecz o ca\u0142e uskoki tektoniczne pod powierzchni\u0105 globalnego porz\u0105dku. Ostatnie miesi\u0105ce, lata, kolejne rundy szczyt\u00f3w i negocjacji pokazuj\u0105, \u017ce iluzja \u201ezachodniej wsp\u00f3lnoty interes\u00f3w\u201d rozp\u0142ywa si\u0119 jak &hellip; <a href=\"https:\/\/sebastianjurgiel.pl\/wp\/?p=955\">Czytaj dalej <span class=\"meta-nav\">&rarr;<\/span><\/a><\/p>\n","protected":false},"author":1,"featured_media":0,"comment_status":"closed","ping_status":"open","sticky":false,"template":"","format":"standard","meta":{"footnotes":""},"categories":[7],"tags":[],"class_list":["post-955","post","type-post","status-publish","format-standard","hentry","category-napoludnieodchmur"],"_links":{"self":[{"href":"https:\/\/sebastianjurgiel.pl\/wp\/index.php?rest_route=\/wp\/v2\/posts\/955","targetHints":{"allow":["GET"]}}],"collection":[{"href":"https:\/\/sebastianjurgiel.pl\/wp\/index.php?rest_route=\/wp\/v2\/posts"}],"about":[{"href":"https:\/\/sebastianjurgiel.pl\/wp\/index.php?rest_route=\/wp\/v2\/types\/post"}],"author":[{"embeddable":true,"href":"https:\/\/sebastianjurgiel.pl\/wp\/index.php?rest_route=\/wp\/v2\/users\/1"}],"replies":[{"embeddable":true,"href":"https:\/\/sebastianjurgiel.pl\/wp\/index.php?rest_route=%2Fwp%2Fv2%2Fcomments&post=955"}],"version-history":[{"count":1,"href":"https:\/\/sebastianjurgiel.pl\/wp\/index.php?rest_route=\/wp\/v2\/posts\/955\/revisions"}],"predecessor-version":[{"id":958,"href":"https:\/\/sebastianjurgiel.pl\/wp\/index.php?rest_route=\/wp\/v2\/posts\/955\/revisions\/958"}],"wp:attachment":[{"href":"https:\/\/sebastianjurgiel.pl\/wp\/index.php?rest_route=%2Fwp%2Fv2%2Fmedia&parent=955"}],"wp:term":[{"taxonomy":"category","embeddable":true,"href":"https:\/\/sebastianjurgiel.pl\/wp\/index.php?rest_route=%2Fwp%2Fv2%2Fcategories&post=955"},{"taxonomy":"post_tag","embeddable":true,"href":"https:\/\/sebastianjurgiel.pl\/wp\/index.php?rest_route=%2Fwp%2Fv2%2Ftags&post=955"}],"curies":[{"name":"wp","href":"https:\/\/api.w.org\/{rel}","templated":true}]}}