{"id":963,"date":"2025-11-13T10:28:00","date_gmt":"2025-11-13T10:28:00","guid":{"rendered":"http:\/\/sebastianjurgiel.pl\/wp\/?p=963"},"modified":"2025-11-10T13:32:32","modified_gmt":"2025-11-10T13:32:32","slug":"wystawa-czy-droga","status":"publish","type":"post","link":"https:\/\/sebastianjurgiel.pl\/wp\/?p=963","title":{"rendered":"Wystawa czy droga?"},"content":{"rendered":"\n<figure class=\"wp-block-image size-large\"><a href=\"http:\/\/sebastianjurgiel.pl\/wp\/wp-content\/uploads\/2025\/11\/1762521514417.png\"><img loading=\"lazy\" decoding=\"async\" width=\"1024\" height=\"576\" src=\"http:\/\/sebastianjurgiel.pl\/wp\/wp-content\/uploads\/2025\/11\/1762521514417-1024x576.png\" alt=\"\" class=\"wp-image-964\" srcset=\"https:\/\/sebastianjurgiel.pl\/wp\/wp-content\/uploads\/2025\/11\/1762521514417-1024x576.png 1024w, https:\/\/sebastianjurgiel.pl\/wp\/wp-content\/uploads\/2025\/11\/1762521514417-300x169.png 300w, https:\/\/sebastianjurgiel.pl\/wp\/wp-content\/uploads\/2025\/11\/1762521514417-768x432.png 768w, https:\/\/sebastianjurgiel.pl\/wp\/wp-content\/uploads\/2025\/11\/1762521514417-500x281.png 500w, https:\/\/sebastianjurgiel.pl\/wp\/wp-content\/uploads\/2025\/11\/1762521514417.png 1280w\" sizes=\"auto, (max-width: 1024px) 100vw, 1024px\" \/><\/a><\/figure>\n\n\n\n<p id=\"ember6523\">Wci\u0105\u017c zbyt cz\u0119sto wyjazdy na mi\u0119dzynarodowe targi ko\u0144cz\u0105 si\u0119 tak samo: zape\u0142nione folderami walizki, kilka kurtuazyjnych zdj\u0119\u0107, par\u0119 kontakt\u00f3w, kt\u00f3re po powrocie nigdy nie dojrzewaj\u0105.<\/p>\n\n\n\n<p id=\"ember6524\">Mija rok, przychodzi kolejna edycja targ\u00f3w \u2014 i zaczynamy od nowa, jakby poprzednia nigdy si\u0119 nie wydarzy\u0142a.<\/p>\n\n\n\n<hr class=\"wp-block-separator has-alpha-channel-opacity\"\/>\n\n\n\n<p id=\"ember6525\">Zauwa\u017cy\u0142em, \u017ce w Polsce wci\u0105\u017c traktujemy uczestnictwo w targach gospodarczych jak cel sam w sobie. Udzia\u0142 w wydarzeniu staje si\u0119 potwierdzeniem aktywno\u015bci \u2014 \u201ebyli\u015bmy obecni\u201d brzmi lepiej ni\u017c \u201ezbudowali\u015bmy relacj\u0119\u201d.<\/p>\n\n\n\n<p id=\"ember6526\">A jednak <strong>\u015bwiat Azji dzia\u0142a inaczej.<\/strong> Tam targi nie s\u0105 punktem kulminacyjnym, lecz zaledwie <strong>jednym z etap\u00f3w procesu<\/strong>, kt\u00f3ry zaczyna si\u0119 d\u0142ugo wcze\u015bniej i trwa d\u0142ugo potem. To rytua\u0142 spotkania, nie transakcja. Jego skuteczno\u015b\u0107 zale\u017cy nie od folder\u00f3w, lecz od przygotowania \u2014 i od tego, czy wiemy, po co naprawd\u0119 tam jeste\u015bmy.<\/p>\n\n\n\n<hr class=\"wp-block-separator has-alpha-channel-opacity\"\/>\n\n\n\n<p id=\"ember6527\">Zacz\u0105\u0142em wi\u0119c my\u015ble\u0107 o tym, \u017ce potrzebujemy nowego podej\u015bcia \u2014 takiego, kt\u00f3re nie zaczyna si\u0119 od logistyki, tylko od <strong>\u015bwiadomo\u015bci<\/strong>. Nie od biletu lotniczego, tylko od pytania:<\/p>\n\n\n\n<blockquote class=\"wp-block-quote is-layout-flow wp-block-quote-is-layout-flow\">\n<p>\u201eCzy wiem, jaki sens ma moja obecno\u015b\u0107?\u201d<\/p>\n<\/blockquote>\n\n\n\n<p id=\"ember6529\">By\u0107 mo\u017ce polskie firmy nie potrzebuj\u0105 dzi\u015b kolejnego dofinansowanego wyjazdu, lecz <strong>edukacji strategicznej<\/strong> \u2014 zrozumienia, czym jest Azja, jak my\u015bli, jak buduje zaufanie.<\/p>\n\n\n\n<p id=\"ember6530\">Bo bez tego ka\u017cdy kolejny wyjazd b\u0119dzie powt\u00f3rzeniem poprzedniego.<\/p>\n\n\n\n<hr class=\"wp-block-separator has-alpha-channel-opacity\"\/>\n\n\n\n<p id=\"ember6531\">Wyobra\u017cam sobie inny model. Taki, w kt\u00f3rym wyjazd na targi to nie fina\u0142, ale <strong>trzeci krok<\/strong> \u2014 po etapie zrozumienia i przygotowania. Najpierw \u015bwiadomo\u015b\u0107, potem strategia, dopiero na ko\u0144cu podr\u00f3\u017c.<\/p>\n\n\n\n<p id=\"ember6532\">Wtedy stoisko przestaje by\u0107 punktem na mapie, a staje si\u0119 <strong>mostem mi\u0119dzy \u015bwiatami<\/strong>. Nie \u201estoimy\u201d, lecz \u201espotykamy si\u0119\u201d. Nie \u201eprezentujemy ofert\u0119\u201d, lecz <strong>s\u0142uchamy potrzeb<\/strong>.<\/p>\n\n\n\n<p id=\"ember6533\">I w tym momencie targi \u2014 takie jak CAEXPO w Nanning \u2014 przestaj\u0105 by\u0107 wydatkiem, a staj\u0105 si\u0119 inwestycj\u0105 w relacje, kt\u00f3re mog\u0105 trwa\u0107 latami.<\/p>\n\n\n\n<hr class=\"wp-block-separator has-alpha-channel-opacity\"\/>\n\n\n\n<p id=\"ember6534\">Nie wiem jeszcze, dok\u0105d ten proces mnie zaprowadzi. Ale wiem, \u017ce <strong>wsp\u00f3\u0142czesna skuteczno\u015b\u0107 zaczyna si\u0119 od zrozumienia rytmu drugiego cz\u0142owieka<\/strong> \u2014 a Azja, bardziej ni\u017c ktokolwiek, uczy w\u0142a\u015bnie tego rytmu: cierpliwego, cichego, nieefektownego, lecz skutecznego.<\/p>\n\n\n\n<p id=\"ember6535\">Bo mo\u017ce w ko\u0144cu <strong>to nie wystawa jest celem, ale droga, kt\u00f3ra do niej prowadzi.<\/strong><\/p>\n\n\n\n<p><\/p>\n","protected":false},"excerpt":{"rendered":"<p>Wci\u0105\u017c zbyt cz\u0119sto wyjazdy na mi\u0119dzynarodowe targi ko\u0144cz\u0105 si\u0119 tak samo: zape\u0142nione folderami walizki, kilka kurtuazyjnych zdj\u0119\u0107, par\u0119 kontakt\u00f3w, kt\u00f3re po powrocie nigdy nie dojrzewaj\u0105. Mija rok, przychodzi kolejna edycja targ\u00f3w \u2014 i zaczynamy od nowa, jakby poprzednia nigdy si\u0119 &hellip; <a href=\"https:\/\/sebastianjurgiel.pl\/wp\/?p=963\">Czytaj dalej <span class=\"meta-nav\">&rarr;<\/span><\/a><\/p>\n","protected":false},"author":1,"featured_media":0,"comment_status":"closed","ping_status":"open","sticky":false,"template":"","format":"standard","meta":{"footnotes":""},"categories":[7],"tags":[],"class_list":["post-963","post","type-post","status-publish","format-standard","hentry","category-napoludnieodchmur"],"_links":{"self":[{"href":"https:\/\/sebastianjurgiel.pl\/wp\/index.php?rest_route=\/wp\/v2\/posts\/963","targetHints":{"allow":["GET"]}}],"collection":[{"href":"https:\/\/sebastianjurgiel.pl\/wp\/index.php?rest_route=\/wp\/v2\/posts"}],"about":[{"href":"https:\/\/sebastianjurgiel.pl\/wp\/index.php?rest_route=\/wp\/v2\/types\/post"}],"author":[{"embeddable":true,"href":"https:\/\/sebastianjurgiel.pl\/wp\/index.php?rest_route=\/wp\/v2\/users\/1"}],"replies":[{"embeddable":true,"href":"https:\/\/sebastianjurgiel.pl\/wp\/index.php?rest_route=%2Fwp%2Fv2%2Fcomments&post=963"}],"version-history":[{"count":1,"href":"https:\/\/sebastianjurgiel.pl\/wp\/index.php?rest_route=\/wp\/v2\/posts\/963\/revisions"}],"predecessor-version":[{"id":965,"href":"https:\/\/sebastianjurgiel.pl\/wp\/index.php?rest_route=\/wp\/v2\/posts\/963\/revisions\/965"}],"wp:attachment":[{"href":"https:\/\/sebastianjurgiel.pl\/wp\/index.php?rest_route=%2Fwp%2Fv2%2Fmedia&parent=963"}],"wp:term":[{"taxonomy":"category","embeddable":true,"href":"https:\/\/sebastianjurgiel.pl\/wp\/index.php?rest_route=%2Fwp%2Fv2%2Fcategories&post=963"},{"taxonomy":"post_tag","embeddable":true,"href":"https:\/\/sebastianjurgiel.pl\/wp\/index.php?rest_route=%2Fwp%2Fv2%2Ftags&post=963"}],"curies":[{"name":"wp","href":"https:\/\/api.w.org\/{rel}","templated":true}]}}